{"id":6803,"date":"2026-03-11T15:51:39","date_gmt":"2026-03-11T14:51:39","guid":{"rendered":"https:\/\/codnib.es\/?p=6803"},"modified":"2026-03-11T16:06:12","modified_gmt":"2026-03-11T15:06:12","slug":"presentacion-del-informe-cafeterias-de-los-ies-como-espacios-de-mediodia-recomendaciones-para-la-transformacion-en-espacios-saludables-sostenibles-y-educativos","status":"publish","type":"post","link":"https:\/\/codnib.es\/ca\/presentacion-del-informe-cafeterias-de-los-ies-como-espacios-de-mediodia-recomendaciones-para-la-transformacion-en-espacios-saludables-sostenibles-y-educativos\/","title":{"rendered":"Presentaci\u00f3 de l&#039;informe \u201cCafeteries dels IES com a espais de migdia \u2013 Recomanacions per a la transformaci\u00f3 en espais saludables, sostenibles i educatius\u201d"},"content":{"rendered":"<p><br>La <strong><a href=\"https:\/\/www.alimentantelfutur.org\/\" target=\"_blank\" rel=\"noreferrer noopener\">Xarxa Alimentant el Futur <\/a><\/strong>hem presentat l&#039;informe <em>\u201c&quot;Les cafeteries dels Instituts d&#039;Educaci\u00f3 Secund\u00e0ria com a espais de migdia \u2013 Recomanacions per a la transformaci\u00f3 en espais saludables, sostenibles i educatius&quot;\u201d<\/em>, elaborat per <strong>FAPA Mallorca<\/strong>, el <strong>Col\u00b7legi de Dietistes-Nutricionistes de les Illes Balears<\/strong> i el <strong>grup de recerca Global Health de la Universitat de les Illes Balears<\/strong>.<br>L&#039;objectiu d&#039;aquest informe \u00e9s con\u00e8ixer l&#039;estat actual de les cafeteries per orientar la millora de l&#039;oferta aliment\u00e0ria i afavorir-ne la transformaci\u00f3 en espais de migdia saludables i educatius, que responguin a les necessitats i els drets de l&#039;alumnat.<\/p>\n\n\n\n<p>Destaquem algunes conclusions i podeu <a href=\"https:\/\/www.alimentantelfutur.org\/wp-content\/uploads\/2026\/03\/les-cafeteries-com-a-espais-de-migdia-informe-2026.pdf\" target=\"_blank\" rel=\"noreferrer noopener\">descargar el informe completo aqu\u00ed (CAT).<\/a><\/p>\n\n\n<style>.wp-block-kadence-image.kb-image6803_f8d653-d1:not(.kb-specificity-added):not(.kb-extra-specificity-added){margin-left:var(--global-kb-spacing-auto, auto);}.kb-image6803_f8d653-d1 .kb-image-has-overlay:after{opacity:0.3;}<\/style>\n<figure class=\"wp-block-kadence-image kb-image6803_f8d653-d1 size-full\"><img fetchpriority=\"high\" decoding=\"async\" width=\"512\" height=\"383\" src=\"https:\/\/codnib.es\/wp-content\/uploads\/2026\/03\/informe-cafet_xarxa2.jpeg\" alt=\"\" class=\"kb-img wp-image-6807\" srcset=\"https:\/\/codnib.es\/wp-content\/uploads\/2026\/03\/informe-cafet_xarxa2.jpeg 512w, https:\/\/codnib.es\/wp-content\/uploads\/2026\/03\/informe-cafet_xarxa2-300x225.jpeg 300w, https:\/\/codnib.es\/wp-content\/uploads\/2026\/03\/informe-cafet_xarxa2-16x12.jpeg 16w, https:\/\/codnib.es\/wp-content\/uploads\/2026\/03\/informe-cafet_xarxa2-370x277.jpeg 370w\" sizes=\"(max-width: 600px) 100vw, 512px\" \/><\/figure>\n\n\n\n<p>Com a conclusi\u00f3 principal de l&#039;informe, es proposa que es garanteixi el dret a un \u00e0pat saludable al migdia mitjan\u00e7ant diverses opcions:<br><\/p>\n\n\n<style>.wp-block-kadence-iconlist.kt-svg-icon-list-items6803_7a49d4-db:not(.this-stops-third-party-issues){margin-top:0px;margin-bottom:0px;}.wp-block-kadence-iconlist.kt-svg-icon-list-items6803_7a49d4-db ul.kt-svg-icon-list:not(.this-prevents-issues):not(.this-stops-third-party-issues):not(.tijsloc){margin-top:0px;margin-right:0px;margin-bottom:var(--global-kb-spacing-sm, 1.5rem);margin-left:0px;}.wp-block-kadence-iconlist.kt-svg-icon-list-items6803_7a49d4-db ul.kt-svg-icon-list{grid-row-gap:5px;}.wp-block-kadence-iconlist.kt-svg-icon-list-items6803_7a49d4-db ul.kt-svg-icon-list .kt-svg-icon-list-item-wrap .kt-svg-icon-list-single{margin-right:10px;}.kt-svg-icon-list-items6803_7a49d4-db ul.kt-svg-icon-list .kt-svg-icon-list-level-0 .kt-svg-icon-list-single svg{font-size:20px;}<\/style>\n<div class=\"wp-block-kadence-iconlist kt-svg-icon-list-items kt-svg-icon-list-items6803_7a49d4-db kt-svg-icon-list-columns-1 alignnone\"><ul class=\"kt-svg-icon-list\"><style>.kt-svg-icon-list-item-6803_86d7be-1d .kt-svg-icon-list-single{font-size:24px !important;}.kt-svg-icon-list-item-6803_86d7be-1d .kt-svg-icon-list-text mark.kt-highlight{background-color:unset;font-style:normal;color:#f76a0c;-webkit-box-decoration-break:clone;box-decoration-break:clone;padding-top:0px;padding-right:0px;padding-bottom:0px;padding-left:0px;}<\/style>\n<li class=\"wp-block-kadence-listitem kt-svg-icon-list-item-wrap kt-svg-icon-list-item-6803_86d7be-1d\"><span class=\"kb-svg-icon-wrap kb-svg-icon-fe_checkCircle kt-svg-icon-list-single\"><svg viewbox=\"0 0 24 24\"  fill=\"none\" stroke=\"currentColor\" stroke-width=\"2\" stroke-linecap=\"round\" stroke-linejoin=\"round\" xmlns=\"http:\/\/www.w3.org\/2000\/svg\"  aria-hidden=\"true\"><path d=\"M22 11.08V12a10 10 0 1 1-5.93-9.14\"\/><polyline points=\"22 4 12 14.01 9 11.01\"\/><\/svg><\/span><span class=\"kt-svg-icon-list-text\"> L&#039;oferta obligat\u00f2ria d&#039;un plat del dia a tots els IES. Actualment aquesta oferta dep\u00e8n que s&#039;inclogui a cada licitaci\u00f3 per demanda espec\u00edfica del Consell Escolar de l&#039;IES.<\/span><\/li>\n\n\n<style>.kt-svg-icon-list-item-6803_381715-c8 .kt-svg-icon-list-single{font-size:24px !important;}.kt-svg-icon-list-item-6803_381715-c8 .kt-svg-icon-list-text mark.kt-highlight{background-color:unset;font-style:normal;color:#f76a0c;-webkit-box-decoration-break:clone;box-decoration-break:clone;padding-top:0px;padding-right:0px;padding-bottom:0px;padding-left:0px;}<\/style>\n<li class=\"wp-block-kadence-listitem kt-svg-icon-list-item-wrap kt-svg-icon-list-item-6803_381715-c8\"><span class=\"kb-svg-icon-wrap kb-svg-icon-fe_checkCircle kt-svg-icon-list-single\"><svg viewbox=\"0 0 24 24\"  fill=\"none\" stroke=\"currentColor\" stroke-width=\"2\" stroke-linecap=\"round\" stroke-linejoin=\"round\" xmlns=\"http:\/\/www.w3.org\/2000\/svg\"  aria-hidden=\"true\"><path d=\"M22 11.08V12a10 10 0 1 1-5.93-9.14\"\/><polyline points=\"22 4 12 14.01 9 11.01\"\/><\/svg><\/span><span class=\"kt-svg-icon-list-text\">La implantaci\u00f3 de menjador escolar als IES en els quals es detecti la necessitat.<\/span><\/li>\n\n\n<style>.kt-svg-icon-list-item-6803_69b432-2b .kt-svg-icon-list-single{font-size:24px !important;}.kt-svg-icon-list-item-6803_69b432-2b .kt-svg-icon-list-text mark.kt-highlight{background-color:unset;font-style:normal;color:#f76a0c;-webkit-box-decoration-break:clone;box-decoration-break:clone;padding-top:0px;padding-right:0px;padding-bottom:0px;padding-left:0px;}<\/style>\n<li class=\"wp-block-kadence-listitem kt-svg-icon-list-item-wrap kt-svg-icon-list-item-6803_69b432-2b\"><span class=\"kb-svg-icon-wrap kb-svg-icon-fe_checkCircle kt-svg-icon-list-single\"><svg viewbox=\"0 0 24 24\"  fill=\"none\" stroke=\"currentColor\" stroke-width=\"2\" stroke-linecap=\"round\" stroke-linejoin=\"round\" xmlns=\"http:\/\/www.w3.org\/2000\/svg\"  aria-hidden=\"true\"><path d=\"M22 11.08V12a10 10 0 1 1-5.93-9.14\"\/><polyline points=\"22 4 12 14.01 9 11.01\"\/><\/svg><\/span><span class=\"kt-svg-icon-list-text\">Facilitar lassist\u00e8ncia de lalumnat als menjadors dels CEIP de la zona.<\/span><\/li>\n\n\n<style>.kt-svg-icon-list-item-6803_1f2340-0a .kt-svg-icon-list-single{font-size:24px !important;}.kt-svg-icon-list-item-6803_1f2340-0a .kt-svg-icon-list-text mark.kt-highlight{background-color:unset;font-style:normal;color:#f76a0c;-webkit-box-decoration-break:clone;box-decoration-break:clone;padding-top:0px;padding-right:0px;padding-bottom:0px;padding-left:0px;}<\/style>\n<li class=\"wp-block-kadence-listitem kt-svg-icon-list-item-wrap kt-svg-icon-list-item-6803_1f2340-0a\"><span class=\"kb-svg-icon-wrap kb-svg-icon-fe_checkCircle kt-svg-icon-list-single\"><svg viewbox=\"0 0 24 24\"  fill=\"none\" stroke=\"currentColor\" stroke-width=\"2\" stroke-linecap=\"round\" stroke-linejoin=\"round\" xmlns=\"http:\/\/www.w3.org\/2000\/svg\"  aria-hidden=\"true\"><path d=\"M22 11.08V12a10 10 0 1 1-5.93-9.14\"\/><polyline points=\"22 4 12 14.01 9 11.01\"\/><\/svg><\/span><span class=\"kt-svg-icon-list-text\">Impulsar les ajudes econ\u00f2miques per al plat del dia, actualment infrautilitzades, perqu\u00e8 arribin a tothom qui ho necessiti.<\/span><\/li>\n<\/ul><\/div>\n\n\n\n<p>Aquesta conversi\u00f3 de les cafeteries necessita unes condicions adequades per arribar a ser una realitat:<\/p>\n\n\n<style>.wp-block-kadence-iconlist.kt-svg-icon-list-items6803_294184-61:not(.this-stops-third-party-issues){margin-top:0px;margin-bottom:0px;}.wp-block-kadence-iconlist.kt-svg-icon-list-items6803_294184-61 ul.kt-svg-icon-list:not(.this-prevents-issues):not(.this-stops-third-party-issues):not(.tijsloc){margin-top:0px;margin-right:0px;margin-bottom:var(--global-kb-spacing-sm, 1.5rem);margin-left:0px;}.wp-block-kadence-iconlist.kt-svg-icon-list-items6803_294184-61 ul.kt-svg-icon-list{grid-row-gap:5px;}.wp-block-kadence-iconlist.kt-svg-icon-list-items6803_294184-61 ul.kt-svg-icon-list .kt-svg-icon-list-item-wrap .kt-svg-icon-list-single{margin-right:10px;}.kt-svg-icon-list-items6803_294184-61 ul.kt-svg-icon-list .kt-svg-icon-list-level-0 .kt-svg-icon-list-single svg{font-size:20px;}<\/style>\n<div class=\"wp-block-kadence-iconlist kt-svg-icon-list-items kt-svg-icon-list-items6803_294184-61 kt-svg-icon-list-columns-1 alignnone\"><ul class=\"kt-svg-icon-list\"><style>.kt-svg-icon-list-item-6803_b7ea4b-a3 .kt-svg-icon-list-single{font-size:24px !important;}.kt-svg-icon-list-item-6803_b7ea4b-a3 .kt-svg-icon-list-text mark.kt-highlight{background-color:unset;font-style:normal;color:#f76a0c;-webkit-box-decoration-break:clone;box-decoration-break:clone;padding-top:0px;padding-right:0px;padding-bottom:0px;padding-left:0px;}<\/style>\n<li class=\"wp-block-kadence-listitem kt-svg-icon-list-item-wrap kt-svg-icon-list-item-6803_b7ea4b-a3\"><span class=\"kb-svg-icon-wrap kb-svg-icon-fe_checkCircle kt-svg-icon-list-single\"><svg viewbox=\"0 0 24 24\"  fill=\"none\" stroke=\"currentColor\" stroke-width=\"2\" stroke-linecap=\"round\" stroke-linejoin=\"round\" xmlns=\"http:\/\/www.w3.org\/2000\/svg\"  aria-hidden=\"true\"><path d=\"M22 11.08V12a10 10 0 1 1-5.93-9.14\"\/><polyline points=\"22 4 12 14.01 9 11.01\"\/><\/svg><\/span><span class=\"kt-svg-icon-list-text\">La normativa ha de definir que el servei de cafeteria ha d&#039;estar integrat al projecte educatiu del centre, com un espai de salut i de promoci\u00f3 d&#039;h\u00e0bits saludables. <\/span><\/li>\n\n\n<style>.kt-svg-icon-list-item-6803_d8458c-03 .kt-svg-icon-list-single{font-size:24px !important;}.kt-svg-icon-list-item-6803_d8458c-03 .kt-svg-icon-list-text mark.kt-highlight{background-color:unset;font-style:normal;color:#f76a0c;-webkit-box-decoration-break:clone;box-decoration-break:clone;padding-top:0px;padding-right:0px;padding-bottom:0px;padding-left:0px;}<\/style>\n<li class=\"wp-block-kadence-listitem kt-svg-icon-list-item-wrap kt-svg-icon-list-item-6803_d8458c-03\"><span class=\"kb-svg-icon-wrap kb-svg-icon-fe_checkCircle kt-svg-icon-list-single\"><svg viewbox=\"0 0 24 24\"  fill=\"none\" stroke=\"currentColor\" stroke-width=\"2\" stroke-linecap=\"round\" stroke-linejoin=\"round\" xmlns=\"http:\/\/www.w3.org\/2000\/svg\"  aria-hidden=\"true\"><path d=\"M22 11.08V12a10 10 0 1 1-5.93-9.14\"\/><polyline points=\"22 4 12 14.01 9 11.01\"\/><\/svg><\/span><span class=\"kt-svg-icon-list-text\">El seguiment de la cafeteria i dels objectius educatius ha de ser una funci\u00f3 assumida per alguna de les comissions del centre.<\/span><\/li>\n\n\n<style>.kt-svg-icon-list-item-6803_592de8-85 .kt-svg-icon-list-single{font-size:24px !important;}.kt-svg-icon-list-item-6803_592de8-85 .kt-svg-icon-list-text mark.kt-highlight{background-color:unset;font-style:normal;color:#f76a0c;-webkit-box-decoration-break:clone;box-decoration-break:clone;padding-top:0px;padding-right:0px;padding-bottom:0px;padding-left:0px;}<\/style>\n<li class=\"wp-block-kadence-listitem kt-svg-icon-list-item-wrap kt-svg-icon-list-item-6803_592de8-85\"><span class=\"kb-svg-icon-wrap kb-svg-icon-fe_checkCircle kt-svg-icon-list-single\"><svg viewbox=\"0 0 24 24\"  fill=\"none\" stroke=\"currentColor\" stroke-width=\"2\" stroke-linecap=\"round\" stroke-linejoin=\"round\" xmlns=\"http:\/\/www.w3.org\/2000\/svg\"  aria-hidden=\"true\"><path d=\"M22 11.08V12a10 10 0 1 1-5.93-9.14\"\/><polyline points=\"22 4 12 14.01 9 11.01\"\/><\/svg><\/span><span class=\"kt-svg-icon-list-text\">L&#039;Administraci\u00f3 ha d&#039;acompanyar i facilitar a les concession\u00e0ries aquesta conversi\u00f3 a espais de migdia. <\/span><\/li>\n\n\n<style>.kt-svg-icon-list-item-6803_f9e9fa-63 .kt-svg-icon-list-single{font-size:24px !important;}.kt-svg-icon-list-item-6803_f9e9fa-63 .kt-svg-icon-list-text mark.kt-highlight{background-color:unset;font-style:normal;color:#f76a0c;-webkit-box-decoration-break:clone;box-decoration-break:clone;padding-top:0px;padding-right:0px;padding-bottom:0px;padding-left:0px;}<\/style>\n<li class=\"wp-block-kadence-listitem kt-svg-icon-list-item-wrap kt-svg-icon-list-item-6803_f9e9fa-63\"><span class=\"kb-svg-icon-wrap kb-svg-icon-fe_checkCircle kt-svg-icon-list-single\"><svg viewbox=\"0 0 24 24\"  fill=\"none\" stroke=\"currentColor\" stroke-width=\"2\" stroke-linecap=\"round\" stroke-linejoin=\"round\" xmlns=\"http:\/\/www.w3.org\/2000\/svg\"  aria-hidden=\"true\"><path d=\"M22 11.08V12a10 10 0 1 1-5.93-9.14\"\/><polyline points=\"22 4 12 14.01 9 11.01\"\/><\/svg><\/span><span class=\"kt-svg-icon-list-text\">Cal revisar la figura del c\u00e0non econ\u00f2mic que paguen les concession\u00e0ries i implantar un sistema que premi\u00ef aquesta reconversi\u00f3 i la millora dels criteris m\u00ednims exigits.<\/span><\/li>\n<\/ul><\/div>\n\n\n\n<p>L&#039;an\u00e0lisi realitzada posa de manifest que l&#039;oferta actual de les cafeteries dels IES no est\u00e0 concebuda ni percebuda com a servei per menjar, de manera que l&#039;alumnat de secund\u00e0ria no disposa d&#039;una opci\u00f3 saludable, equilibrada i suficient per al dinar del migdia dins del centre.<\/p>\n\n\n\n<p>La transformaci\u00f3 de les cafeteries dels IES a Balears no \u00e9s nom\u00e9s una q\u00fcesti\u00f3 nutricional, sin\u00f3 un imperatiu de just\u00edcia social i de dret a la salut ia leducaci\u00f3 per a tot lalumnat, independentment de la seva situaci\u00f3 socioecon\u00f2mica.<br><\/p>\n\n\n\n<p><\/p>\n\n\n\n<p><\/p>","protected":false},"excerpt":{"rendered":"<p>La Xarxa Alimentant el Futur hemos presentado el informe \u201cLas cafeter\u00edas de los Institutos de Educaci\u00f3n Secundaria como espacios de mediod\u00eda \u2013 Recomendaciones para la transformaci\u00f3n en espacios saludables, sostenibles y educativos\u201d, elaborado por FAPA Mallorca, el Colegio de Dietistas-Nutricionistas de las Islas Baleares y el grupo de investigaci\u00f3n Global Health de la Universidad de&hellip;<\/p>","protected":false},"author":1,"featured_media":6804,"comment_status":"open","ping_status":"open","sticky":false,"template":"","format":"standard","meta":{"_acf_changed":false,"footnotes":""},"categories":[65,1],"tags":[],"class_list":["post-6803","post","type-post","status-publish","format-standard","has-post-thumbnail","hentry","category-actividades_","category-sin-categoria"],"acf":[],"_links":{"self":[{"href":"https:\/\/codnib.es\/ca\/wp-json\/wp\/v2\/posts\/6803","targetHints":{"allow":["GET"]}}],"collection":[{"href":"https:\/\/codnib.es\/ca\/wp-json\/wp\/v2\/posts"}],"about":[{"href":"https:\/\/codnib.es\/ca\/wp-json\/wp\/v2\/types\/post"}],"author":[{"embeddable":true,"href":"https:\/\/codnib.es\/ca\/wp-json\/wp\/v2\/users\/1"}],"replies":[{"embeddable":true,"href":"https:\/\/codnib.es\/ca\/wp-json\/wp\/v2\/comments?post=6803"}],"version-history":[{"count":2,"href":"https:\/\/codnib.es\/ca\/wp-json\/wp\/v2\/posts\/6803\/revisions"}],"predecessor-version":[{"id":6808,"href":"https:\/\/codnib.es\/ca\/wp-json\/wp\/v2\/posts\/6803\/revisions\/6808"}],"wp:featuredmedia":[{"embeddable":true,"href":"https:\/\/codnib.es\/ca\/wp-json\/wp\/v2\/media\/6804"}],"wp:attachment":[{"href":"https:\/\/codnib.es\/ca\/wp-json\/wp\/v2\/media?parent=6803"}],"wp:term":[{"taxonomy":"category","embeddable":true,"href":"https:\/\/codnib.es\/ca\/wp-json\/wp\/v2\/categories?post=6803"},{"taxonomy":"post_tag","embeddable":true,"href":"https:\/\/codnib.es\/ca\/wp-json\/wp\/v2\/tags?post=6803"}],"curies":[{"name":"wp","href":"https:\/\/api.w.org\/{rel}","templated":true}]}}