{"id":6967,"date":"2026-04-28T17:35:15","date_gmt":"2026-04-28T15:35:15","guid":{"rendered":"https:\/\/codnib.es\/?p=6967"},"modified":"2026-04-28T17:35:17","modified_gmt":"2026-04-28T15:35:17","slug":"el-codnib-participa-en-la-fira-de-la-gent-gran","status":"publish","type":"post","link":"https:\/\/codnib.es\/ca\/el-codnib-participa-en-la-fira-de-la-gent-gran\/","title":{"rendered":"El CODNIB participa en la &#8220;Fira de la Gent Gran&#8221;"},"content":{"rendered":"<p>El pasado s\u00e1bado 25 de abril se celebr\u00f3 en Porreres la &#8220;Fira de la Gent Gran&#8221;, evento dedicado a promover el bienestar y la calidad de vida de las personas mayores. En el marco de la feria, el CODNIB particip\u00f3 activamente mediante la instalaci\u00f3n de un stand informativo centrado en alimentaci\u00f3n saludable. En este espacio se ofreci\u00f3, fruta fresca, frutos secos, galletas de Inca, y folletos de alimentaci\u00f3n saludable.<\/p>\n\n\n\n<p>Se realiz\u00f3 una charla titulada &#8220;Claves de una alimentaci\u00f3n saludable para vivir mejor&#8221; y cabe destacar que , en esta edici\u00f3n, el CODNIB recibi\u00f3 un reconocimiento por parte del Consell de Mallorca en agradecimiento a su colaboraci\u00f3n continuada en los distintos eventos organizados a lo largo de los \u00faltimos a\u00f1os.<\/p>\n\n\n\n<p>La participaci\u00f3n del CODNIB en esta feria refuerza el compromiso con la promoci\u00f3n de la salud y la educaci\u00f3n nutricional en la comunidad<\/p>\n\n\n\n<figure class=\"wp-block-image\"><img fetchpriority=\"high\" decoding=\"async\" width=\"1536\" height=\"1477\" src=\"https:\/\/codnib.es\/wp-content\/uploads\/2026\/04\/fira_porreres_2.jpeg\" alt=\"\" class=\"wp-image-6968\" srcset=\"https:\/\/codnib.es\/wp-content\/uploads\/2026\/04\/fira_porreres_2.jpeg 1536w, https:\/\/codnib.es\/wp-content\/uploads\/2026\/04\/fira_porreres_2-300x288.jpeg 300w, https:\/\/codnib.es\/wp-content\/uploads\/2026\/04\/fira_porreres_2-1024x985.jpeg 1024w, https:\/\/codnib.es\/wp-content\/uploads\/2026\/04\/fira_porreres_2-768x739.jpeg 768w, https:\/\/codnib.es\/wp-content\/uploads\/2026\/04\/fira_porreres_2-12x12.jpeg 12w, https:\/\/codnib.es\/wp-content\/uploads\/2026\/04\/fira_porreres_2-370x356.jpeg 370w, https:\/\/codnib.es\/wp-content\/uploads\/2026\/04\/fira_porreres_2-1290x1240.jpeg 1290w, https:\/\/codnib.es\/wp-content\/uploads\/2026\/04\/fira_porreres_2-1080x1039.jpeg 1080w, https:\/\/codnib.es\/wp-content\/uploads\/2026\/04\/fira_porreres_2-865x832.jpeg 865w, https:\/\/codnib.es\/wp-content\/uploads\/2026\/04\/fira_porreres_2-642x617.jpeg 642w, https:\/\/codnib.es\/wp-content\/uploads\/2026\/04\/fira_porreres_2-1284x1235.jpeg 1284w, https:\/\/codnib.es\/wp-content\/uploads\/2026\/04\/fira_porreres_2-1320x1269.jpeg 1320w\" sizes=\"(max-width: 1536px) 100vw, 1536px\" \/><\/figure>","protected":false},"excerpt":{"rendered":"<p>El pasado s\u00e1bado 25 de abril se celebr\u00f3 en Porreres la &#8220;Fira de la Gent Gran&#8221;, evento dedicado a promover el bienestar y la calidad de vida de las personas mayores. En el marco de la feria, el CODNIB particip\u00f3 activamente mediante la instalaci\u00f3n de un stand informativo centrado en alimentaci\u00f3n saludable. En este espacio&hellip;<\/p>","protected":false},"author":1,"featured_media":6969,"comment_status":"closed","ping_status":"closed","sticky":false,"template":"","format":"standard","meta":{"_acf_changed":false,"footnotes":""},"categories":[65],"tags":[],"class_list":["post-6967","post","type-post","status-publish","format-standard","has-post-thumbnail","hentry","category-actividades_"],"acf":[],"_links":{"self":[{"href":"https:\/\/codnib.es\/ca\/wp-json\/wp\/v2\/posts\/6967","targetHints":{"allow":["GET"]}}],"collection":[{"href":"https:\/\/codnib.es\/ca\/wp-json\/wp\/v2\/posts"}],"about":[{"href":"https:\/\/codnib.es\/ca\/wp-json\/wp\/v2\/types\/post"}],"author":[{"embeddable":true,"href":"https:\/\/codnib.es\/ca\/wp-json\/wp\/v2\/users\/1"}],"replies":[{"embeddable":true,"href":"https:\/\/codnib.es\/ca\/wp-json\/wp\/v2\/comments?post=6967"}],"version-history":[{"count":1,"href":"https:\/\/codnib.es\/ca\/wp-json\/wp\/v2\/posts\/6967\/revisions"}],"predecessor-version":[{"id":6970,"href":"https:\/\/codnib.es\/ca\/wp-json\/wp\/v2\/posts\/6967\/revisions\/6970"}],"wp:featuredmedia":[{"embeddable":true,"href":"https:\/\/codnib.es\/ca\/wp-json\/wp\/v2\/media\/6969"}],"wp:attachment":[{"href":"https:\/\/codnib.es\/ca\/wp-json\/wp\/v2\/media?parent=6967"}],"wp:term":[{"taxonomy":"category","embeddable":true,"href":"https:\/\/codnib.es\/ca\/wp-json\/wp\/v2\/categories?post=6967"},{"taxonomy":"post_tag","embeddable":true,"href":"https:\/\/codnib.es\/ca\/wp-json\/wp\/v2\/tags?post=6967"}],"curies":[{"name":"wp","href":"https:\/\/api.w.org\/{rel}","templated":true}]}}