{"id":875,"date":"2014-11-18T11:39:01","date_gmt":"2014-11-18T10:39:01","guid":{"rendered":"https:\/\/codnib.es\/2014\/11\/18\/dia-mundial-del-dietista-nutricionista\/"},"modified":"2014-11-18T11:39:01","modified_gmt":"2014-11-18T10:39:01","slug":"dia-mundial-del-dietista-nutricionista","status":"publish","type":"post","link":"https:\/\/codnib.es\/ca\/dia-mundial-del-dietista-nutricionista\/","title":{"rendered":"Dia Mundial del Dietista-Nutricionista"},"content":{"rendered":"<p>\u00a0<img decoding=\"async\" class=\"lazyload_inited  size-full wp-image-873\" style=\"margin: 0px; padding: 0px; font-size: 11px;\" src=\"https:\/\/codnib.es\/wp-content\/uploads\/2014\/11\/DIA_DN_2014.png\" alt=\"DIA DN 2014\" width=\"268\" height=\"108\" srcset=\"https:\/\/codnib.es\/wp-content\/uploads\/2014\/11\/DIA_DN_2014.png 903w, https:\/\/codnib.es\/wp-content\/uploads\/2014\/11\/DIA_DN_2014-300x121.png 300w, https:\/\/codnib.es\/wp-content\/uploads\/2014\/11\/DIA_DN_2014-768x309.png 768w, https:\/\/codnib.es\/wp-content\/uploads\/2014\/11\/DIA_DN_2014-370x149.png 370w, https:\/\/codnib.es\/wp-content\/uploads\/2014\/11\/DIA_DN_2014-865x348.png 865w, https:\/\/codnib.es\/wp-content\/uploads\/2014\/11\/DIA_DN_2014-642x258.png 642w, https:\/\/codnib.es\/wp-content\/uploads\/2014\/11\/DIA_DN_2014-600x241.png 600w\" sizes=\"(max-width: 268px) 100vw, 268px\" \/><img decoding=\"async\" class=\"lazyload_inited  size-full wp-image-874\" style=\"margin: 0px; padding: 0px;\" src=\"https:\/\/codnib.es\/wp-content\/uploads\/2014\/11\/DIA_DN_20142.png\" alt=\"DIA DN 20142\" width=\"253\" height=\"67\" srcset=\"https:\/\/codnib.es\/wp-content\/uploads\/2014\/11\/DIA_DN_20142.png 776w, https:\/\/codnib.es\/wp-content\/uploads\/2014\/11\/DIA_DN_20142-300x80.png 300w, https:\/\/codnib.es\/wp-content\/uploads\/2014\/11\/DIA_DN_20142-768x204.png 768w, https:\/\/codnib.es\/wp-content\/uploads\/2014\/11\/DIA_DN_20142-370x98.png 370w, https:\/\/codnib.es\/wp-content\/uploads\/2014\/11\/DIA_DN_20142-642x170.png 642w, https:\/\/codnib.es\/wp-content\/uploads\/2014\/11\/DIA_DN_20142-600x159.png 600w\" sizes=\"(max-width: 253px) 100vw, 253px\" \/><\/p>\n<p><span style=\"font-family: arial, helvetica, sans-serif; font-size: 10pt;\">El<strong> 24 de novembre se celebra a Espanya el primer Dia Mundial del DN<\/strong>\u00a0els principals objectius del qual s\u00f3n promoure la figura del DN com un professional sanitari altament qualificat i llan\u00e7ar missatges d&#039;alimentaci\u00f3 i nutrici\u00f3 que interessen a totes les persones i que en milloren la salut i la qualitat de vida.<\/span><\/p>\n<p><span style=\"font-family: arial, helvetica, sans-serif; font-size: 10pt;\">El Dia del DN el promou i organitza el <strong>Consell General de Col\u00b7legis de Dietistes-Nutricionistes d&#039;Espanya<\/strong> CGD-NE amb l&#039;ajuda de la \u00a0<strong>Fundaci\u00f3 Espanyola de DN<\/strong>, que col\u00b7labora en l&#039;elaboraci\u00f3 dels continguts cient\u00edfics i divulgatius.<\/span><\/p>\n<p><span style=\"font-size: 10pt; font-family: arial, helvetica, sans-serif;\">\u00a0El tema d&#039;alimentaci\u00f3 elegit per a l&#039;any 2014 \u00e9s el c\u00e0ncer i el lema\u00a0<strong>\u201cLa Nutrici\u00f3 i el C\u00e0ncer, sense mites\u201d.<\/strong><\/span><\/p>\n<p><span style=\"font-size: 10pt; font-family: arial, helvetica, sans-serif;\">\u00a0Aquest \u00e9s un v\u00eddeo divultatiu sobre el tema principal. Confiem que us agradi<\/span><\/p>\n<p><iframe data-trx-lazyload-src=\"\/\/www.youtube.com\/embed\/tyHTRfTP-zM\" mce_src=\"http:\/\/www.youtube.com\/embed\/tyHTRfTP-zM\" frameborder=\"0\" width=\"539\" height=\"303\"><\/iframe><\/p>\n<p style=\"margin: 0px 0px 0.0001pt; padding: 0px; font-size: 12px; line-height: 18px; background-color: #fbfbf7;\">\u00a0<\/p>\n<p><span style=\"font-family: arial, helvetica, sans-serif; font-size: 10pt;\">La finalitat del DD-N \u00e9s donar orientaci\u00f3 a tots els afectats pel c\u00e0ncer: malalts, persones amb risc de patir-ho, familiars, personal sanitari i poblaci\u00f3 en general.<\/span><\/p>\n<p><span style=\"font-family: arial, helvetica, sans-serif; font-size: 10pt;\">Per ajudar a prevenir, tractar i superar el c\u00e0ncer; abans, durant i despr\u00e9s de la malaltia.<\/span><\/p>\n<p><span style=\"font-family: arial, helvetica, sans-serif; font-size: 10pt;\">\u00a0<\/span><span style=\"font-family: arial, helvetica, sans-serif; font-size: 10pt;\"><a href=\"http:\/\/diamundialdietistanutricionista.org\/\" target=\"_blank\">Aqu\u00ed podeu accedir a tots els continguts d&#039;aquest dia\u00a0<\/a><\/span><\/p>\n<p><strong><span style=\"font-family: arial, helvetica, sans-serif; font-size: 10pt;\">\u00a0<\/span><span style=\"font-family: arial, helvetica, sans-serif; font-size: 10pt;\">ACTIVITATS AL VOLTANT DEL DD-N<\/span><\/strong><\/p>\n<ul>\n<li>\n<p><span style=\"font-family: arial, helvetica, sans-serif; font-size: 10pt;\">&gt;&gt;&gt; S&#039;oferir\u00e0 una consulta dietoterap\u00e8utica gratu\u00efta a qualsevol malalt de c\u00e0ncer, des del 24 de novembre del 2014 fins al 24 de febrer del 2015. <a href=\"http:\/\/diamundialdietistanutricionista.org\/?page_id=6032\" target=\"_blank\">La llista de consultes est\u00e0 disponible aqu\u00ed. \u00a0<\/a><\/span><\/p>\n<\/li>\n<li>\n<p><span style=\"font-family: arial, helvetica, sans-serif; font-size: 10pt;\">&gt;&gt;&gt; S&#039;organitzaran xerrades divulgatives per a poblaci\u00f3 en general o per a professionals sanitaris. <a href=\"http:\/\/diamundialdietistanutricionista.org\/?post_type=tribe_events\" target=\"_blank\">Accedeix aqu\u00ed a tots els actes<\/a><\/span><\/p>\n<\/li>\n<li>\n<p><span style=\"font-family: arial, helvetica, sans-serif; font-size: 10pt;\">&gt;&gt;&gt; Difusi\u00f3 de missatges, trajectes informatives i infografies a trav\u00e9s de xarxes socials.\u00a0<\/span><\/p>\n<\/li>\n<li><span style=\"font-family: arial, helvetica, sans-serif; font-size: 10pt;\">&gt;&gt;&gt; Roda de premsa a Val\u00e8ncia i Pamplona.\u00a0<\/span><\/li>\n<\/ul>\n<p><span style=\"font-family: arial, helvetica, sans-serif; font-size: 10pt; background-color: transparent;\">\u00a0<\/span><span style=\"font-family: arial, helvetica, sans-serif; font-size: 10pt; background-color: transparent;\"><a href=\"http:\/\/diamundialdietistanutricionista.org\/wp-content\/uploads\/2014\/11\/Presentacion_DMDN2014.pdf\" target=\"_blank\">Si vols con\u00e8ixer m\u00e9s detalls del DD-N, aqu\u00ed tens una presentaci\u00f3 resum<\/a><\/span><\/p>\n<p><span style=\"font-family: arial, helvetica, sans-serif; font-size: 10pt;\"><strong><span style=\"color: #ff0000;\">Si ets dietista-nutricionista i vols participar al DD-N,<\/span><\/strong> <a href=\"http:\/\/diamundialdietistanutricionista.org\/?page_id=5929\" target=\"_blank\">da&#039;t d&#039;alta a la web<\/a><\/span><\/p>\n<p><span style=\"font-family: arial, helvetica, sans-serif; font-size: 10pt;\">\u00a0<\/span><\/p>","protected":false},"excerpt":{"rendered":"<p>\u00a0 El 24 de noviembre se celebra en Espa\u00f1a el\u00a0primer D\u00eda Mundial del D-N\u00a0cuyos principales objetivos son promover la figura del D-N como un profesional sanitario altamente cualificado y lanzar mensajes de alimentaci\u00f3n y nutrici\u00f3n que interesan a todas las personas y que mejoran su salud y su calidad de vida. El D\u00eda del D-N&hellip;<\/p>","protected":false},"author":1,"featured_media":873,"comment_status":"open","ping_status":"closed","sticky":false,"template":"","format":"standard","meta":{"_acf_changed":false,"footnotes":"","_members_access_role":[],"_members_access_error":""},"categories":[65],"tags":[],"class_list":["post-875","post","type-post","status-publish","format-standard","has-post-thumbnail","hentry","category-actividades_"],"acf":[],"_links":{"self":[{"href":"https:\/\/codnib.es\/ca\/wp-json\/wp\/v2\/posts\/875","targetHints":{"allow":["GET"]}}],"collection":[{"href":"https:\/\/codnib.es\/ca\/wp-json\/wp\/v2\/posts"}],"about":[{"href":"https:\/\/codnib.es\/ca\/wp-json\/wp\/v2\/types\/post"}],"author":[{"embeddable":true,"href":"https:\/\/codnib.es\/ca\/wp-json\/wp\/v2\/users\/1"}],"replies":[{"embeddable":true,"href":"https:\/\/codnib.es\/ca\/wp-json\/wp\/v2\/comments?post=875"}],"version-history":[{"count":0,"href":"https:\/\/codnib.es\/ca\/wp-json\/wp\/v2\/posts\/875\/revisions"}],"wp:featuredmedia":[{"embeddable":true,"href":"https:\/\/codnib.es\/ca\/wp-json\/wp\/v2\/media\/873"}],"wp:attachment":[{"href":"https:\/\/codnib.es\/ca\/wp-json\/wp\/v2\/media?parent=875"}],"wp:term":[{"taxonomy":"category","embeddable":true,"href":"https:\/\/codnib.es\/ca\/wp-json\/wp\/v2\/categories?post=875"},{"taxonomy":"post_tag","embeddable":true,"href":"https:\/\/codnib.es\/ca\/wp-json\/wp\/v2\/tags?post=875"}],"curies":[{"name":"wp","href":"https:\/\/api.w.org\/{rel}","templated":true}]}}